{"id":702,"date":"2021-10-20T14:56:29","date_gmt":"2021-10-20T17:56:29","guid":{"rendered":"https:\/\/nicolasperezphotography.com\/blog\/?p=702"},"modified":"2021-10-20T14:57:14","modified_gmt":"2021-10-20T17:57:14","slug":"les-comparto-esta-enorme-impresion-fine-art-de-mi-querida-selva-paranaense","status":"publish","type":"post","link":"https:\/\/nicolasperezphotography.com\/blog\/noticias\/les-comparto-esta-enorme-impresion-fine-art-de-mi-querida-selva-paranaense\/","title":{"rendered":"Les comparto esta enorme impresi\u00f3n Fine Art, de mi querida Selva Paranaense."},"content":{"rendered":"<p><a href=\"https:\/\/prints.nicolasperezphotography.com\/\"><img loading=\"lazy\" decoding=\"async\" class=\"wp-image-704 alignleft\" src=\"https:\/\/nicolasperezphotography.com\/blog\/wp-content\/uploads\/2021\/10\/211016PE-0006-Cuadros-Enmarcados-R-730x976.jpg\" alt=\"\" width=\"513\" height=\"686\" srcset=\"https:\/\/nicolasperezphotography.com\/blog\/wp-content\/uploads\/2021\/10\/211016PE-0006-Cuadros-Enmarcados-R-730x976.jpg 730w, https:\/\/nicolasperezphotography.com\/blog\/wp-content\/uploads\/2021\/10\/211016PE-0006-Cuadros-Enmarcados-R-224x300.jpg 224w, https:\/\/nicolasperezphotography.com\/blog\/wp-content\/uploads\/2021\/10\/211016PE-0006-Cuadros-Enmarcados-R-768x1027.jpg 768w, https:\/\/nicolasperezphotography.com\/blog\/wp-content\/uploads\/2021\/10\/211016PE-0006-Cuadros-Enmarcados-R.jpg 1436w\" sizes=\"auto, (max-width: 513px) 100vw, 513px\" \/><\/a><strong>Un atardecer con el sol bajo atravesando el bosque atl\u00e1ntico y sus helechos, en el Parque Urugua-\u00ed, Misiones.<\/strong><\/p>\n<p style=\"text-align: left;\">Siempre es emocionante ver materializada la fotograf\u00eda, poder verla, tocarla, apreciar los mas m\u00ednimos detalles.<\/p>\n<p style=\"text-align: left;\">Es una obra de 160 x 110cm en Papel Canson Lustre 310 grs. enmarcada en Marupa natural, que fue adquirida para las nuevas oficinas de una importante compa\u00f1\u00eda de Bs As.<br \/>\nLos invito a pasar por mi tienda online, donde podr\u00e1n conseguir impresiones.<\/p>\n<p style=\"text-align: left;\">La naturaleza y su conservaci\u00f3n ocupan desde siempre un lugar important\u00edsimo en mi vida y pas\u00e9 mucho tiempo trabajando en estas historias que fusionan exploraci\u00f3n, ciencia, arte y fotograf\u00eda, y seleccionando esta colecci\u00f3n diversa de fotograf\u00edas.<\/p>\n<p style=\"text-align: left;\">Quiero compartir esa pasi\u00f3n y mi mirada en estas impresiones. Son aut\u00e9nticas fotos reales que revelan la belleza de la naturaleza de muchas formas.<\/p>\n<p style=\"text-align: left;\">Mira el link en mi biograf\u00eda:<strong>\u00a0<span style=\"text-decoration: underline;\"><a href=\"https:\/\/prints.nicolasperezphotography.com\/\">PRINTS-TIENDA ONLINE<\/a><\/span><\/strong><\/p>\n","protected":false},"excerpt":{"rendered":"<p>Un atardecer con el sol bajo atravesando el bosque atl\u00e1ntico y sus helechos, en el Parque Urugua-\u00ed, Misiones. Siempre es emocionante ver materializada la fotograf\u00eda, poder verla, tocarla, apreciar los mas m\u00ednimos detalles. Es una obra de 160 x 110cm en Papel Canson Lustre 310 grs. enmarcada en Marupa natural, que fue adquirida para las&#8230;<\/p>\n","protected":false},"author":1,"featured_media":704,"comment_status":"open","ping_status":"open","sticky":false,"template":"","format":"standard","meta":{"_jetpack_memberships_contains_paid_content":false,"footnotes":""},"categories":[4,1],"tags":[],"class_list":["post-702","post","type-post","status-publish","format-standard","has-post-thumbnail","hentry","category-exposiciones","category-noticias"],"jetpack_featured_media_url":"https:\/\/nicolasperezphotography.com\/blog\/wp-content\/uploads\/2021\/10\/211016PE-0006-Cuadros-Enmarcados-R.jpg","jetpack_sharing_enabled":true,"_links":{"self":[{"href":"https:\/\/nicolasperezphotography.com\/blog\/wp-json\/wp\/v2\/posts\/702","targetHints":{"allow":["GET"]}}],"collection":[{"href":"https:\/\/nicolasperezphotography.com\/blog\/wp-json\/wp\/v2\/posts"}],"about":[{"href":"https:\/\/nicolasperezphotography.com\/blog\/wp-json\/wp\/v2\/types\/post"}],"author":[{"embeddable":true,"href":"https:\/\/nicolasperezphotography.com\/blog\/wp-json\/wp\/v2\/users\/1"}],"replies":[{"embeddable":true,"href":"https:\/\/nicolasperezphotography.com\/blog\/wp-json\/wp\/v2\/comments?post=702"}],"version-history":[{"count":17,"href":"https:\/\/nicolasperezphotography.com\/blog\/wp-json\/wp\/v2\/posts\/702\/revisions"}],"predecessor-version":[{"id":721,"href":"https:\/\/nicolasperezphotography.com\/blog\/wp-json\/wp\/v2\/posts\/702\/revisions\/721"}],"wp:featuredmedia":[{"embeddable":true,"href":"https:\/\/nicolasperezphotography.com\/blog\/wp-json\/wp\/v2\/media\/704"}],"wp:attachment":[{"href":"https:\/\/nicolasperezphotography.com\/blog\/wp-json\/wp\/v2\/media?parent=702"}],"wp:term":[{"taxonomy":"category","embeddable":true,"href":"https:\/\/nicolasperezphotography.com\/blog\/wp-json\/wp\/v2\/categories?post=702"},{"taxonomy":"post_tag","embeddable":true,"href":"https:\/\/nicolasperezphotography.com\/blog\/wp-json\/wp\/v2\/tags?post=702"}],"curies":[{"name":"wp","href":"https:\/\/api.w.org\/{rel}","templated":true}]}}