{"id":757,"date":"2024-12-26T13:50:11","date_gmt":"2024-12-26T16:50:11","guid":{"rendered":"https:\/\/nicolasperezphotography.com\/blog\/?p=757"},"modified":"2024-12-26T15:37:33","modified_gmt":"2024-12-26T18:37:33","slug":"charla-en-la-feria-de-aves-de-sudamerica-junto-al-equipo-de-sony","status":"publish","type":"post","link":"https:\/\/nicolasperezphotography.com\/blog\/noticias\/charla-en-la-feria-de-aves-de-sudamerica-junto-al-equipo-de-sony\/","title":{"rendered":"Charla en la Feria de Aves de Sudam\u00e9rica junto a Sony"},"content":{"rendered":"<p>Hace unos meses estuve por Ituzaing\u00f3, Corrientes, en la feria de Aves de Sudam\u00e9rica @sabirdfair dando una charla sobre fotograf\u00eda de fauna junto al equipo de Sony @alphabysony_latin<\/p>\n<p>La charla orientada principalmente a consejos para poder lograr buenas fotos de fauna silvestre. Tocamos temas como el acercamiento, el punto de vista, la importancia del fondo, el momento, etc. Una muy linda experiencia en el marco de los Esteros del Iber\u00e1, donde adem\u00e1s pude encontrarme con queridos amigos de la conservaci\u00f3n que hace a\u00f1os no ve\u00eda.<\/p>\n<p>Tambi\u00e9n me hice un tiempo de conocer dos portales de Iber\u00e1 que no conoc\u00eda, como Yerbalito donde pude ver por primera vez un Moit\u00fa silvestre en Argentina, gracias al tremendo trabajo que @rewilding_argentina est\u00e1 haciendo con esta especie en Iber\u00e1.<br \/>\nTambi\u00e9n pude conocer el portal San Nicolas del @parquenacionalibera<br \/>\nUn sitio que me sorprendi\u00f3 especialmente, nunca vi tantos yetap\u00e1s juntos, lleno de fauna muy confiada, fruto de a\u00f1os de trabajo de conservaci\u00f3n en la zona. Sin dudas Iber\u00e1 es uno de los mejores destinos para fotografiar fauna silvestre en Argentina.<\/p>\n<p>Hice muchas fotos de Yetap\u00e1s, yacar\u00e9s, ciervos, moit\u00fas, as\u00ed que ir\u00e9 compartiendo pr\u00f3ximamente.<\/p>\n<p>Gracias al equipo de Sony Argentina por la invitaci\u00f3n y la confianza, y @sabirdfair por el recibimiento.<\/p>\n<p>#XIIIFeiradeAvesdaAm\u00e9ricadoSul!<br \/>\n#corrientes #ituzaing\u00f3 #birdwatching #birding<br \/>\n@ituzaingo.turismo<br \/>\n@cultura_ituzaingo<\/p>\n<p><img loading=\"lazy\" decoding=\"async\" class=\"alignnone wp-image-761 size-full\" src=\"https:\/\/nicolasperezphotography.com\/blog\/wp-content\/uploads\/2024\/12\/241003NP-0011-Sony-Feria-Aves-1920-1.jpg\" alt=\"\" width=\"1536\" height=\"1920\" srcset=\"https:\/\/nicolasperezphotography.com\/blog\/wp-content\/uploads\/2024\/12\/241003NP-0011-Sony-Feria-Aves-1920-1.jpg 1536w, https:\/\/nicolasperezphotography.com\/blog\/wp-content\/uploads\/2024\/12\/241003NP-0011-Sony-Feria-Aves-1920-1-240x300.jpg 240w, https:\/\/nicolasperezphotography.com\/blog\/wp-content\/uploads\/2024\/12\/241003NP-0011-Sony-Feria-Aves-1920-1-730x913.jpg 730w, https:\/\/nicolasperezphotography.com\/blog\/wp-content\/uploads\/2024\/12\/241003NP-0011-Sony-Feria-Aves-1920-1-768x960.jpg 768w, https:\/\/nicolasperezphotography.com\/blog\/wp-content\/uploads\/2024\/12\/241003NP-0011-Sony-Feria-Aves-1920-1-1229x1536.jpg 1229w\" sizes=\"auto, (max-width: 1536px) 100vw, 1536px\" \/><\/p>\n<p><img loading=\"lazy\" decoding=\"async\" class=\"alignnone wp-image-762 size-full\" src=\"https:\/\/nicolasperezphotography.com\/blog\/wp-content\/uploads\/2024\/12\/241003NP-Ibera-Sony-1.jpg\" alt=\"\" width=\"1080\" height=\"1350\" srcset=\"https:\/\/nicolasperezphotography.com\/blog\/wp-content\/uploads\/2024\/12\/241003NP-Ibera-Sony-1.jpg 1080w, https:\/\/nicolasperezphotography.com\/blog\/wp-content\/uploads\/2024\/12\/241003NP-Ibera-Sony-1-240x300.jpg 240w, https:\/\/nicolasperezphotography.com\/blog\/wp-content\/uploads\/2024\/12\/241003NP-Ibera-Sony-1-730x913.jpg 730w, https:\/\/nicolasperezphotography.com\/blog\/wp-content\/uploads\/2024\/12\/241003NP-Ibera-Sony-1-768x960.jpg 768w\" sizes=\"auto, (max-width: 1080px) 100vw, 1080px\" \/><\/p>\n<p>&nbsp;<\/p>\n","protected":false},"excerpt":{"rendered":"<p>Hace unos meses estuve por Ituzaing\u00f3, Corrientes, en la feria de Aves de Sudam\u00e9rica @sabirdfair dando una charla sobre fotograf\u00eda de fauna junto al equipo de Sony @alphabysony_latin La charla orientada principalmente a consejos para poder lograr buenas fotos de fauna silvestre. Tocamos temas como el acercamiento, el punto de vista, la importancia del fondo,&#8230;<\/p>\n","protected":false},"author":1,"featured_media":759,"comment_status":"open","ping_status":"open","sticky":false,"template":"","format":"standard","meta":{"_jetpack_memberships_contains_paid_content":false,"footnotes":""},"categories":[4,1,96],"tags":[122,125,123,130,121,127,118,119,128,129,120,124],"class_list":["post-757","post","type-post","status-publish","format-standard","has-post-thumbnail","hentry","category-exposiciones","category-noticias","category-workshops","tag-charla","tag-corrientes","tag-feriadeaves","tag-fotografia","tag-fotografiadenaturaleza","tag-fotografo","tag-naturephotography","tag-nicopereznature","tag-nicoperezphoto","tag-sony","tag-sonyalphaargentina","tag-sudamerica"],"jetpack_featured_media_url":"https:\/\/nicolasperezphotography.com\/blog\/wp-content\/uploads\/2024\/12\/241003NP-0011-Sony-Feria-Aves-1920.jpg","jetpack_sharing_enabled":true,"_links":{"self":[{"href":"https:\/\/nicolasperezphotography.com\/blog\/wp-json\/wp\/v2\/posts\/757","targetHints":{"allow":["GET"]}}],"collection":[{"href":"https:\/\/nicolasperezphotography.com\/blog\/wp-json\/wp\/v2\/posts"}],"about":[{"href":"https:\/\/nicolasperezphotography.com\/blog\/wp-json\/wp\/v2\/types\/post"}],"author":[{"embeddable":true,"href":"https:\/\/nicolasperezphotography.com\/blog\/wp-json\/wp\/v2\/users\/1"}],"replies":[{"embeddable":true,"href":"https:\/\/nicolasperezphotography.com\/blog\/wp-json\/wp\/v2\/comments?post=757"}],"version-history":[{"count":8,"href":"https:\/\/nicolasperezphotography.com\/blog\/wp-json\/wp\/v2\/posts\/757\/revisions"}],"predecessor-version":[{"id":784,"href":"https:\/\/nicolasperezphotography.com\/blog\/wp-json\/wp\/v2\/posts\/757\/revisions\/784"}],"wp:featuredmedia":[{"embeddable":true,"href":"https:\/\/nicolasperezphotography.com\/blog\/wp-json\/wp\/v2\/media\/759"}],"wp:attachment":[{"href":"https:\/\/nicolasperezphotography.com\/blog\/wp-json\/wp\/v2\/media?parent=757"}],"wp:term":[{"taxonomy":"category","embeddable":true,"href":"https:\/\/nicolasperezphotography.com\/blog\/wp-json\/wp\/v2\/categories?post=757"},{"taxonomy":"post_tag","embeddable":true,"href":"https:\/\/nicolasperezphotography.com\/blog\/wp-json\/wp\/v2\/tags?post=757"}],"curies":[{"name":"wp","href":"https:\/\/api.w.org\/{rel}","templated":true}]}}