{"id":769,"date":"2024-12-26T15:34:24","date_gmt":"2024-12-26T18:34:24","guid":{"rendered":"https:\/\/nicolasperezphotography.com\/blog\/?p=769"},"modified":"2024-12-26T18:18:39","modified_gmt":"2024-12-26T21:18:39","slug":"libro-100-anos-embajada-de-italia","status":"publish","type":"post","link":"https:\/\/nicolasperezphotography.com\/blog\/noticias\/libro-100-anos-embajada-de-italia\/","title":{"rendered":"Libro 100 a\u00f1os Embajada de Italia"},"content":{"rendered":"<p>La embajada de Italia en Buenos Aires cumple 100 a\u00f1os y la agencia @vgvpr me encargo la tarea de realizar las fotograf\u00edas que ilustraron el libro del aniversario de este edificio, Monumento Hist\u00f3rico Nacional que es el Palacio Alvear, un s\u00edmbolo arquitect\u00f3nico de la ciudad, recientemente restaurado.<\/p>\n<p>Fueron 3 jornadas de trabajo, que incluyeron tomas de Drone y que se reflejan en las m\u00e1s de 50 fotos principales del libro, incluyendo la portada.<\/p>\n<p>1924-2024 un siglo de la embajada de Italia en Buenos Aires.<\/p>\n<p>Gracias a @vgvpr y la Embajada de Italia por la confianza.<\/p>\n<p><img loading=\"lazy\" decoding=\"async\" class=\"alignnone wp-image-776 size-full\" src=\"https:\/\/nicolasperezphotography.com\/blog\/wp-content\/uploads\/2024\/12\/241105VGV-0278_DSC7971-R-1350.jpg\" alt=\"\" width=\"1080\" height=\"1350\" srcset=\"https:\/\/nicolasperezphotography.com\/blog\/wp-content\/uploads\/2024\/12\/241105VGV-0278_DSC7971-R-1350.jpg 1080w, https:\/\/nicolasperezphotography.com\/blog\/wp-content\/uploads\/2024\/12\/241105VGV-0278_DSC7971-R-1350-240x300.jpg 240w, https:\/\/nicolasperezphotography.com\/blog\/wp-content\/uploads\/2024\/12\/241105VGV-0278_DSC7971-R-1350-730x913.jpg 730w, https:\/\/nicolasperezphotography.com\/blog\/wp-content\/uploads\/2024\/12\/241105VGV-0278_DSC7971-R-1350-768x960.jpg 768w\" sizes=\"auto, (max-width: 1080px) 100vw, 1080px\" \/><\/p>\n<p><img loading=\"lazy\" decoding=\"async\" class=\"alignnone size-full wp-image-777\" src=\"https:\/\/nicolasperezphotography.com\/blog\/wp-content\/uploads\/2024\/12\/Collage-1-1620.jpg\" alt=\"\" width=\"1080\" height=\"1620\" srcset=\"https:\/\/nicolasperezphotography.com\/blog\/wp-content\/uploads\/2024\/12\/Collage-1-1620.jpg 1080w, https:\/\/nicolasperezphotography.com\/blog\/wp-content\/uploads\/2024\/12\/Collage-1-1620-200x300.jpg 200w, https:\/\/nicolasperezphotography.com\/blog\/wp-content\/uploads\/2024\/12\/Collage-1-1620-730x1095.jpg 730w, https:\/\/nicolasperezphotography.com\/blog\/wp-content\/uploads\/2024\/12\/Collage-1-1620-768x1152.jpg 768w, https:\/\/nicolasperezphotography.com\/blog\/wp-content\/uploads\/2024\/12\/Collage-1-1620-1024x1536.jpg 1024w\" sizes=\"auto, (max-width: 1080px) 100vw, 1080px\" \/><\/p>\n<p><img loading=\"lazy\" decoding=\"async\" class=\"alignnone size-full wp-image-781\" src=\"https:\/\/nicolasperezphotography.com\/blog\/wp-content\/uploads\/2024\/12\/Collage-5-1350PX.jpg\" alt=\"\" width=\"1080\" height=\"1350\" srcset=\"https:\/\/nicolasperezphotography.com\/blog\/wp-content\/uploads\/2024\/12\/Collage-5-1350PX.jpg 1080w, https:\/\/nicolasperezphotography.com\/blog\/wp-content\/uploads\/2024\/12\/Collage-5-1350PX-240x300.jpg 240w, https:\/\/nicolasperezphotography.com\/blog\/wp-content\/uploads\/2024\/12\/Collage-5-1350PX-730x913.jpg 730w, https:\/\/nicolasperezphotography.com\/blog\/wp-content\/uploads\/2024\/12\/Collage-5-1350PX-768x960.jpg 768w\" sizes=\"auto, (max-width: 1080px) 100vw, 1080px\" \/><\/p>\n<p><img loading=\"lazy\" decoding=\"async\" class=\"alignnone size-full wp-image-778\" src=\"https:\/\/nicolasperezphotography.com\/blog\/wp-content\/uploads\/2024\/12\/Collage-2-1620PX.jpg\" alt=\"\" width=\"1080\" height=\"1620\" srcset=\"https:\/\/nicolasperezphotography.com\/blog\/wp-content\/uploads\/2024\/12\/Collage-2-1620PX.jpg 1080w, https:\/\/nicolasperezphotography.com\/blog\/wp-content\/uploads\/2024\/12\/Collage-2-1620PX-200x300.jpg 200w, https:\/\/nicolasperezphotography.com\/blog\/wp-content\/uploads\/2024\/12\/Collage-2-1620PX-730x1095.jpg 730w, https:\/\/nicolasperezphotography.com\/blog\/wp-content\/uploads\/2024\/12\/Collage-2-1620PX-768x1152.jpg 768w, https:\/\/nicolasperezphotography.com\/blog\/wp-content\/uploads\/2024\/12\/Collage-2-1620PX-1024x1536.jpg 1024w\" sizes=\"auto, (max-width: 1080px) 100vw, 1080px\" \/><\/p>\n<p><img loading=\"lazy\" decoding=\"async\" class=\"alignnone size-full wp-image-774\" src=\"https:\/\/nicolasperezphotography.com\/blog\/wp-content\/uploads\/2024\/12\/240606VG-0017-Embajada-de-Italia-1350.jpg\" alt=\"\" width=\"1080\" height=\"1350\" srcset=\"https:\/\/nicolasperezphotography.com\/blog\/wp-content\/uploads\/2024\/12\/240606VG-0017-Embajada-de-Italia-1350.jpg 1080w, https:\/\/nicolasperezphotography.com\/blog\/wp-content\/uploads\/2024\/12\/240606VG-0017-Embajada-de-Italia-1350-240x300.jpg 240w, https:\/\/nicolasperezphotography.com\/blog\/wp-content\/uploads\/2024\/12\/240606VG-0017-Embajada-de-Italia-1350-730x913.jpg 730w, https:\/\/nicolasperezphotography.com\/blog\/wp-content\/uploads\/2024\/12\/240606VG-0017-Embajada-de-Italia-1350-768x960.jpg 768w\" sizes=\"auto, (max-width: 1080px) 100vw, 1080px\" \/><\/p>\n<p><img loading=\"lazy\" decoding=\"async\" class=\"alignnone size-full wp-image-779\" src=\"https:\/\/nicolasperezphotography.com\/blog\/wp-content\/uploads\/2024\/12\/Collage-3-1620PX.jpg\" alt=\"\" width=\"1080\" height=\"1620\" srcset=\"https:\/\/nicolasperezphotography.com\/blog\/wp-content\/uploads\/2024\/12\/Collage-3-1620PX.jpg 1080w, https:\/\/nicolasperezphotography.com\/blog\/wp-content\/uploads\/2024\/12\/Collage-3-1620PX-200x300.jpg 200w, https:\/\/nicolasperezphotography.com\/blog\/wp-content\/uploads\/2024\/12\/Collage-3-1620PX-730x1095.jpg 730w, https:\/\/nicolasperezphotography.com\/blog\/wp-content\/uploads\/2024\/12\/Collage-3-1620PX-768x1152.jpg 768w, https:\/\/nicolasperezphotography.com\/blog\/wp-content\/uploads\/2024\/12\/Collage-3-1620PX-1024x1536.jpg 1024w\" sizes=\"auto, (max-width: 1080px) 100vw, 1080px\" \/><\/p>\n<p><img loading=\"lazy\" decoding=\"async\" class=\"alignnone size-full wp-image-775\" src=\"https:\/\/nicolasperezphotography.com\/blog\/wp-content\/uploads\/2024\/12\/240606VG-0144-Embajada-de-Italia.jpg\" alt=\"\" width=\"1080\" height=\"1620\" srcset=\"https:\/\/nicolasperezphotography.com\/blog\/wp-content\/uploads\/2024\/12\/240606VG-0144-Embajada-de-Italia.jpg 1080w, https:\/\/nicolasperezphotography.com\/blog\/wp-content\/uploads\/2024\/12\/240606VG-0144-Embajada-de-Italia-200x300.jpg 200w, https:\/\/nicolasperezphotography.com\/blog\/wp-content\/uploads\/2024\/12\/240606VG-0144-Embajada-de-Italia-730x1095.jpg 730w, https:\/\/nicolasperezphotography.com\/blog\/wp-content\/uploads\/2024\/12\/240606VG-0144-Embajada-de-Italia-768x1152.jpg 768w, https:\/\/nicolasperezphotography.com\/blog\/wp-content\/uploads\/2024\/12\/240606VG-0144-Embajada-de-Italia-1024x1536.jpg 1024w\" sizes=\"auto, (max-width: 1080px) 100vw, 1080px\" \/><\/p>\n<p><img loading=\"lazy\" decoding=\"async\" class=\"alignnone size-full wp-image-780\" src=\"https:\/\/nicolasperezphotography.com\/blog\/wp-content\/uploads\/2024\/12\/Collage-4-1350PX.jpg\" alt=\"\" width=\"1080\" height=\"1350\" srcset=\"https:\/\/nicolasperezphotography.com\/blog\/wp-content\/uploads\/2024\/12\/Collage-4-1350PX.jpg 1080w, https:\/\/nicolasperezphotography.com\/blog\/wp-content\/uploads\/2024\/12\/Collage-4-1350PX-240x300.jpg 240w, https:\/\/nicolasperezphotography.com\/blog\/wp-content\/uploads\/2024\/12\/Collage-4-1350PX-730x913.jpg 730w, https:\/\/nicolasperezphotography.com\/blog\/wp-content\/uploads\/2024\/12\/Collage-4-1350PX-768x960.jpg 768w\" sizes=\"auto, (max-width: 1080px) 100vw, 1080px\" \/><\/p>\n","protected":false},"excerpt":{"rendered":"<p>La embajada de Italia en Buenos Aires cumple 100 a\u00f1os y la agencia @vgvpr me encargo la tarea de realizar las fotograf\u00edas que ilustraron el libro del aniversario de este edificio, Monumento Hist\u00f3rico Nacional que es el Palacio Alvear, un s\u00edmbolo arquitect\u00f3nico de la ciudad, recientemente restaurado. Fueron 3 jornadas de trabajo, que incluyeron tomas&#8230;<\/p>\n","protected":false},"author":1,"featured_media":776,"comment_status":"open","ping_status":"open","sticky":false,"template":"","format":"standard","meta":{"_jetpack_memberships_contains_paid_content":false,"footnotes":""},"categories":[105,1,2],"tags":[132,133,135,131,130,136,134,128,70],"class_list":["post-769","post","type-post","status-publish","format-standard","has-post-thumbnail","hentry","category-libros","category-noticias","category-prensa","tag-100anos","tag-aniversario","tag-decoracion","tag-embajadadeitalia","tag-fotografia","tag-fotografiadeinteriores","tag-nicoperez","tag-nicoperezphoto","tag-nicoperezphotography"],"jetpack_featured_media_url":"https:\/\/nicolasperezphotography.com\/blog\/wp-content\/uploads\/2024\/12\/241105VGV-0278_DSC7971-R-1350.jpg","jetpack_sharing_enabled":true,"_links":{"self":[{"href":"https:\/\/nicolasperezphotography.com\/blog\/wp-json\/wp\/v2\/posts\/769","targetHints":{"allow":["GET"]}}],"collection":[{"href":"https:\/\/nicolasperezphotography.com\/blog\/wp-json\/wp\/v2\/posts"}],"about":[{"href":"https:\/\/nicolasperezphotography.com\/blog\/wp-json\/wp\/v2\/types\/post"}],"author":[{"embeddable":true,"href":"https:\/\/nicolasperezphotography.com\/blog\/wp-json\/wp\/v2\/users\/1"}],"replies":[{"embeddable":true,"href":"https:\/\/nicolasperezphotography.com\/blog\/wp-json\/wp\/v2\/comments?post=769"}],"version-history":[{"count":1,"href":"https:\/\/nicolasperezphotography.com\/blog\/wp-json\/wp\/v2\/posts\/769\/revisions"}],"predecessor-version":[{"id":782,"href":"https:\/\/nicolasperezphotography.com\/blog\/wp-json\/wp\/v2\/posts\/769\/revisions\/782"}],"wp:featuredmedia":[{"embeddable":true,"href":"https:\/\/nicolasperezphotography.com\/blog\/wp-json\/wp\/v2\/media\/776"}],"wp:attachment":[{"href":"https:\/\/nicolasperezphotography.com\/blog\/wp-json\/wp\/v2\/media?parent=769"}],"wp:term":[{"taxonomy":"category","embeddable":true,"href":"https:\/\/nicolasperezphotography.com\/blog\/wp-json\/wp\/v2\/categories?post=769"},{"taxonomy":"post_tag","embeddable":true,"href":"https:\/\/nicolasperezphotography.com\/blog\/wp-json\/wp\/v2\/tags?post=769"}],"curies":[{"name":"wp","href":"https:\/\/api.w.org\/{rel}","templated":true}]}}